[{"@context":"https:\/\/schema.org\/","@type":"Article","@id":"https:\/\/www.ledx.cz\/dabel-ci-andel\/#Article","mainEntityOfPage":"https:\/\/www.ledx.cz\/dabel-ci-andel\/","headline":"\u010e\u00e1bel \u010di and\u011bl?","name":"\u010e\u00e1bel \u010di and\u011bl?","description":"M\u00e1m jednoho str\u00e1\u017en\u00e9ho and\u011bla a jednoho \u010f\u00e1bla. Je to tak, kdy\u017e si ka\u017ed\u00fd sed\u00ed na sv\u00e9m rameni. Jsou tak mali\u010dk\u00fd, \u017ee nejdou vid\u011bt. Taky se \u0159\u00edk\u00e1, \u017ee byste je nem\u011bli&hellip;","datePublished":"2022-11-21","dateModified":"2023-08-23","author":{"@type":"Person","@id":"https:\/\/www.ledx.cz\/author\/#Person","name":"","url":"https:\/\/www.ledx.cz\/author\/","identifier":1,"image":{"@type":"ImageObject","@id":"https:\/\/secure.gravatar.com\/avatar\/ee69a086fc043006d66000ff5e288b6b088fc8fa323128f3849437410a854832?s=96&d=mm&r=g","url":"https:\/\/secure.gravatar.com\/avatar\/ee69a086fc043006d66000ff5e288b6b088fc8fa323128f3849437410a854832?s=96&d=mm&r=g","height":96,"width":96}},"publisher":{"@type":"Organization","name":"ledx.cz","logo":{"@type":"ImageObject","@id":"\/logo.png","url":"\/logo.png","width":600,"height":60}},"image":{"@type":"ImageObject","@id":"https:\/\/www.ledx.cz\/wp-content\/uploads\/7_3.jpg","url":"https:\/\/www.ledx.cz\/wp-content\/uploads\/7_3.jpg","height":0,"width":0},"url":"https:\/\/www.ledx.cz\/dabel-ci-andel\/","about":["V\u011bda"],"wordCount":442,"articleBody":"M\u00e1m jednoho str\u00e1\u017en\u00e9ho and\u011bla a jednoho \u010f\u00e1bla. Je to tak, kdy\u017e si ka\u017ed\u00fd sed\u00ed na sv\u00e9m rameni. Jsou tak mali\u010dk\u00fd, \u017ee nejdou vid\u011bt. Taky se \u0159\u00edk\u00e1, \u017ee byste je nem\u011bli vid\u011bt a j\u00e1 je popravd\u011b t\u00e9\u017e nevid\u00edm. Vid\u00edm je pouze v mysli, a hlavn\u011b sly\u0161\u00edm, jak se h\u00e1daj\u00ed. Nejhor\u0161\u00ed je, kdy\u017e se sna\u017e\u00edm se n\u011bjak rozhodnout a najednou si za\u010dnou pov\u00eddat co m\u00e1m d\u011blat a nem\u00e1m d\u011blat. Mysl\u00edm si, \u017ee si to dok\u00e1\u017eete p\u0159edstavit. And\u011bl \u0159\u00edk\u00e1 to a \u010f\u00e1bel \u0159\u00edk\u00e1 to. A nejhor\u0161\u00ed je, kdy\u017e se sna\u017e\u00edte n\u011bco d\u011blat nebo si s n\u011bk\u00fdm pov\u00edd\u00e1te a najednou jak kdyby se v\u00e1m zrodil dal\u0161\u00ed mozek kam si \u010f\u00e1bel sednul a za\u010dal mi pov\u00eddat na co nechci v\u016fbec myslet. A kdy\u017e mi to p\u0159ipomn\u011bl, tak jsem zase smutn\u00e1 a na pochyb\u00e1ch.Ale zase naopak je dobr\u00e9, \u017ee je s\u00a0n\u00e1mi \u010f\u00e1bel a and\u011bl, proto\u017ee nem\u016f\u017eeme b\u00fdt dokonal\u00fd, a proto n\u011bkdy d\u011bl\u00e1me dobr\u00e9 a zl\u00e9 skutky. Ud\u011blali jste t\u00e9\u017e n\u011bjak\u00fd dobr\u00fd skutek? J\u00e1 ano. Jeden den jsem m\u011bla extr\u00e9mn\u011b na rozpadnut\u00ed. Nemohla jsem skoro d\u00fdchat a cht\u011bla jsem cel\u00fd den jenom bre\u010det, ale sna\u017eila jsem se b\u00fdt siln\u00e1. Tak jsem doma uklidila, uva\u0159ila a vyrazila jsem nakoupit potraviny, abychom m\u011bli, co s\u00a0p\u0159\u00edtelem j\u00edst. Beru si sebou p\u011btikorunu, abych m\u011bla na voz\u00edk, kdy\u017e u\u017e jsem z\u00a0obchodu vylezla a cht\u011bla jsem zaparkovat voz\u00edk, tak tam st\u00e1la jedna pan\u00ed a ptala se m\u011b, jestli nem\u00e1m na rozm\u011bn\u011bn\u00ed, a tak jsem se zeptala, jestli ji ten voz\u00edk bude sta\u010dit a ona, \u017ee ano. Tak jsem j\u00ed pop\u0159\u00e1la kr\u00e1sn\u00fd den. A ona mi to cht\u011bla vr\u00e1tit, ale j\u00e1 se rozhodla odej\u00edt, proto\u017ee se mi op\u011bt cht\u011blo bre\u010det, jak jsem byla tent\u00fd\u017e den \u00fapln\u011b mimo. Pan\u00ed tam na m\u011b \u0159vala, kam zdrh\u00e1m, ale j\u00e1 cht\u011bla jenom ud\u011blat dobr\u00fd skutek a pop\u0159\u00e1t kr\u00e1sn\u00fd den.\u00a0N\u011bkdy m\u00e1m chu\u0165 vytvo\u0159it l\u00edste\u010dky a na n\u011b napsat slu\u0161\u00ed v\u00e1m to, kr\u00e1sn\u00fd den p\u0159eji, naslouchej sv\u00e9 srdce, abych \u0161\u00ed\u0159ila jenom radost ve sv\u011bt\u011b. \u00a0Ale nem\u00e1m na to odvahu.\u00a0 A co vy? Ud\u011blali jste v\u00a0posledn\u00ed dob\u011b nebo p\u0159ed p\u00e1r m\u011bs\u00edci dobr\u00fd skutek? Kter\u00fd?                                                                                                                                                                                                                                                                                                                                                                                         3.7\/5 - (9 votes)        "},{"@context":"https:\/\/schema.org\/","@type":"BreadcrumbList","itemListElement":[{"@type":"ListItem","position":1,"name":"\u010e\u00e1bel \u010di and\u011bl?","item":"https:\/\/www.ledx.cz\/dabel-ci-andel\/#breadcrumbitem"}]}]