[{"@context":"https:\/\/schema.org\/","@type":"Article","@id":"https:\/\/www.ledx.cz\/proc-je-globalni-oteplovani-takovy-problem\/#Article","mainEntityOfPage":"https:\/\/www.ledx.cz\/proc-je-globalni-oteplovani-takovy-problem\/","headline":"Pro\u010d je glob\u00e1ln\u00ed oteplov\u00e1n\u00ed takov\u00fd probl\u00e9m","name":"Pro\u010d je glob\u00e1ln\u00ed oteplov\u00e1n\u00ed takov\u00fd probl\u00e9m","description":"V\u00a0dne\u0161n\u00ed dob\u011b jsou t\u00e9mata, kter\u00e1 se sklo\u0148uj\u00ed \u010d\u00edm d\u00e1l \u010dast\u011bji. Jedn\u00edm z\u00a0nich je tak\u00e9 glob\u00e1ln\u00ed oteplov\u00e1n\u00ed. O n\u011bm sl\u00fdch\u00e1me nejen v\u00a0televizi, ale \u010dteme o n\u011bm tak\u00e9 na internetu, v\u00a0novin\u00e1ch a&hellip;","datePublished":"2023-06-17","dateModified":"2024-05-20","author":{"@type":"Person","@id":"https:\/\/www.ledx.cz\/author\/#Person","name":"","url":"https:\/\/www.ledx.cz\/author\/","identifier":1,"image":{"@type":"ImageObject","@id":"https:\/\/secure.gravatar.com\/avatar\/ee69a086fc043006d66000ff5e288b6b088fc8fa323128f3849437410a854832?s=96&d=mm&r=g","url":"https:\/\/secure.gravatar.com\/avatar\/ee69a086fc043006d66000ff5e288b6b088fc8fa323128f3849437410a854832?s=96&d=mm&r=g","height":96,"width":96}},"publisher":{"@type":"Organization","name":"ledx.cz","logo":{"@type":"ImageObject","@id":"\/logo.png","url":"\/logo.png","width":600,"height":60}},"image":{"@type":"ImageObject","@id":"https:\/\/www.ledx.cz\/wp-content\/uploads\/zivot2_1.jpg","url":"https:\/\/www.ledx.cz\/wp-content\/uploads\/zivot2_1.jpg","height":0,"width":0},"url":"https:\/\/www.ledx.cz\/proc-je-globalni-oteplovani-takovy-problem\/","about":["V\u011bda"],"wordCount":417,"articleBody":"V\u00a0dne\u0161n\u00ed dob\u011b jsou t\u00e9mata, kter\u00e1 se sklo\u0148uj\u00ed \u010d\u00edm d\u00e1l \u010dast\u011bji. Jedn\u00edm z\u00a0nich je tak\u00e9 glob\u00e1ln\u00ed oteplov\u00e1n\u00ed. O n\u011bm sl\u00fdch\u00e1me nejen v\u00a0televizi, ale \u010dteme o n\u011bm tak\u00e9 na internetu, v\u00a0novin\u00e1ch a \u010dasopisech, sly\u0161\u00edme o tom v\u00a0r\u00e1diu. Nen\u00ed tedy divu, \u017ee na n\u011bj lid\u00e9 maj\u00ed r\u016fzn\u00e9 n\u00e1zory. Podle n\u011bkter\u00fdch se jedn\u00e1 o skute\u010dn\u00e9 nebezpe\u010d\u00ed, jin\u00e1 zase tvrd\u00ed, \u017ee jde o zbyte\u010dn\u00e9 stra\u0161en\u00ed.\u00a0\u00a0Abychom mohli na tuto ot\u00e1zku odpov\u011bd\u011bt, je nutn\u00e9 si \u0159\u00edci, zda skute\u010dn\u011b existuje a jak n\u00e1s opravdu ovliv\u0148uje. Ukazuje se toti\u017e, \u017ee jeho vliv je \u010d\u00edm d\u00e1l znateln\u011bj\u0161\u00ed, a to ji\u017e i v\u00a0m\u00edrn\u00fdch podm\u00ednk\u00e1ch \u010cesk\u00e9 republiky.\u00a0Jednodu\u0161e \u0159e\u010deno, sklen\u00edkov\u00e9 plyny, p\u0159edev\u0161\u00edm pak oxid uhli\u010dit\u00fd, se dost\u00e1vaj\u00ed do atmosf\u00e9ry. Zde vytv\u00e1\u0159\u00ed vrstvu, kter\u00e1 odr\u00e1\u017e\u00ed \u010d\u00e1st slune\u010dn\u00edho z\u00e1\u0159en\u00ed zp\u011bt na Zem, a to p\u0159edev\u0161\u00edm to tepeln\u00e9. Jist\u011b, jedn\u00e1 se o p\u0159irozenou sou\u010d\u00e1st cyklu na\u0161\u00ed planety, a bez n\u011bj by nemohl existovat \u017eivot. Je v\u0161ak pravdou, \u017ee lid\u00e9 jej zna\u010dn\u011b urychluj\u00ed t\u00edm, \u017ee produkuj\u00ed v\u00edce sklen\u00edkov\u00fdch plyn\u016f.\u00a0Je pot\u0159eba \u0159\u00edci, \u017ee d\u0159\u00edve v\u00a0p\u0159\u00edrod\u011b existovala rovnov\u00e1ha. Vyprodukovan\u00fd oxid uhli\u010dit\u00fd je absorbov\u00e1n b\u011bhem fotosynt\u00e9zami zelen\u00fdmi rostlinami a p\u0159em\u011bn\u011bn na kysl\u00edk, d\u00edky \u010demu\u017e je udr\u017eov\u00e1na jeho stabiln\u00ed hladina. Probl\u00e9m je, \u017ee \u010dlov\u011bk tuto rovnov\u00e1hu naru\u0161il t\u00edm, \u017ee jej produkuje st\u00e1le v\u00edce.\u00a0\u00a0Zde se nab\u00edz\u00ed ot\u00e1zka, pro\u010d jeho n\u00e1sledky vid\u00edme a\u017e dnes, kdy\u017e se o tomto probl\u00e9mu mluv\u00ed ji\u017e des\u00edtky let. D\u016fvod je jednoduch\u00fd: oxid uhli\u010dit\u00fd z\u016fst\u00e1v\u00e1 v\u00a0atmosf\u00e9\u0159e velmi dlouho, a jeho koncentrace d\u00edky lidsk\u00e9 \u010dinnosti st\u00e1le nar\u016fst\u00e1. Bylo tedy jen ot\u00e1zkou \u010dasu, kdy se tento efekt za\u010dne v\u00fdrazn\u011b projevovat.\u00a0Je ale tento efekt skute\u010dn\u011b tak nebezpe\u010dn\u00fd? Neznamen\u00e1 v\u00edce oxidu uhli\u010dit\u00e9ho tak\u00e9 v\u00edce vegetace? Nikoliv. I zde plat\u00ed, \u017ee mus\u00ed existovat rovnov\u00e1ha. P\u0159i p\u0159\u00edli\u0161 vysok\u00e9 teplot\u011b se toti\u017e fotosynt\u00e9za zastav\u00ed, tak\u017ee se dostaneme do nep\u011bkn\u00e9 spir\u00e1ly. A zd\u00e1 se, \u017ee m\u00e1me nejvy\u0161\u0161\u00ed \u010das, abychom tomu n\u011bjak\u00fdm zp\u016fsobem zabr\u00e1nili.                                                                                                                                                                                                                                                                                                                                                                                        4.7\/5 - (12 votes)        "},{"@context":"https:\/\/schema.org\/","@type":"BreadcrumbList","itemListElement":[{"@type":"ListItem","position":1,"name":"Pro\u010d je glob\u00e1ln\u00ed oteplov\u00e1n\u00ed takov\u00fd probl\u00e9m","item":"https:\/\/www.ledx.cz\/proc-je-globalni-oteplovani-takovy-problem\/#breadcrumbitem"}]}]