[{"@context":"https:\/\/schema.org\/","@type":"Article","@id":"https:\/\/www.ledx.cz\/proc-je-volba-predsedy-vyboru-svj-dulezita\/#Article","mainEntityOfPage":"https:\/\/www.ledx.cz\/proc-je-volba-predsedy-vyboru-svj-dulezita\/","headline":"Pro\u010d je volba p\u0159edsedy v\u00fdboru SVJ d\u016fle\u017eit\u00e1","name":"Pro\u010d je volba p\u0159edsedy v\u00fdboru SVJ d\u016fle\u017eit\u00e1","description":"Prakticky v ka\u017ed\u00e9m panel\u00e1ku dnes najdeme Spole\u010denstv\u00ed vlastn\u00edk\u016f jednotek. To je slo\u017eeno ze v\u0161ech vlastn\u00edk\u016f jednotliv\u00fdch byt\u016f, a star\u00e1 se o z\u00e1le\u017eitosti, kter\u00e9 se t\u00fdkaj\u00ed cel\u00e9ho domu, a\u0165 u\u017e vn\u011bj\u0161ku&hellip;","datePublished":"2023-08-25","dateModified":"2023-09-26","author":{"@type":"Person","@id":"https:\/\/www.ledx.cz\/author\/#Person","name":"","url":"https:\/\/www.ledx.cz\/author\/","identifier":1,"image":{"@type":"ImageObject","@id":"https:\/\/secure.gravatar.com\/avatar\/ee69a086fc043006d66000ff5e288b6b088fc8fa323128f3849437410a854832?s=96&d=mm&r=g","url":"https:\/\/secure.gravatar.com\/avatar\/ee69a086fc043006d66000ff5e288b6b088fc8fa323128f3849437410a854832?s=96&d=mm&r=g","height":96,"width":96}},"publisher":{"@type":"Organization","name":"ledx.cz","logo":{"@type":"ImageObject","@id":"\/logo.png","url":"\/logo.png","width":600,"height":60}},"image":{"@type":"ImageObject","@id":"https:\/\/www.ledx.cz\/wp-content\/uploads\/predseda1_7.jpg","url":"https:\/\/www.ledx.cz\/wp-content\/uploads\/predseda1_7.jpg","height":0,"width":0},"url":"https:\/\/www.ledx.cz\/proc-je-volba-predsedy-vyboru-svj-dulezita\/","about":["Podnik\u00e1n\u00ed"],"wordCount":433,"articleBody":"   Prakticky v ka\u017ed\u00e9m panel\u00e1ku dnes najdeme Spole\u010denstv\u00ed vlastn\u00edk\u016f jednotek. To je slo\u017eeno ze v\u0161ech vlastn\u00edk\u016f jednotliv\u00fdch byt\u016f, a star\u00e1 se o z\u00e1le\u017eitosti, kter\u00e9 se t\u00fdkaj\u00ed cel\u00e9ho domu, a\u0165 u\u017e vn\u011bj\u0161ku \u010di spole\u010dn\u00fdch prostor. Ov\u0161em toto spole\u010denstv\u00ed nem\u016f\u017ee b\u00fdt neorganizovan\u00e9. I to je d\u016fvod, pro\u010d je zde hlavn\u00ed osobou p\u0159edseda.Jeho \u00fakolem je p\u0159edev\u0161\u00edm jednat z \u00fa\u0159ady, svol\u00e1vat a v\u00e9st sch\u016fze a za\u0159izovat jejich program. Tento p\u0159edseda je volen ostatn\u00edmi \u010dleny, nej\u010dast\u011bji pak z \u0159ad majitel\u016f byt\u016f. M\u016f\u017ee se v\u0161ak st\u00e1t, \u017ee bude vybr\u00e1n extern\u00ed p\u0159edseda.Jen m\u00e1lokdo si v\u0161ak uv\u011bdomuje, jak je tato volba d\u016fle\u017eit\u00e1. Jeliko\u017e jsou prakticky ve\u0161ker\u00e1 rozhodnut\u00ed prov\u00e1d\u011bna hlasov\u00e1n\u00edm, v\u011bt\u0161ina lid\u00ed je p\u0159esv\u011bd\u010dena, \u017ee na tom, kdo d\u011bl\u00e1 p\u0159edsedu, p\u0159\u00edli\u0161 nez\u00e1le\u017e\u00ed. Proto m\u00e1 \u010dasto volba p\u0159edsedy v\u00fdboru SVJ mnohem ni\u017e\u0161\u00ed \u00fa\u010dast, ne\u017e by bylo z\u00e1hodno.To je v\u0161ak \u0161koda, nebo\u0165 ve skute\u010dnosti m\u016f\u017ee tato volba ovlivnit mnohem v\u00edce v\u011bc\u00ed, ne\u017e by se na prvn\u00ed pohled mohlo zd\u00e1t. Nap\u0159\u00edklad je zde ji\u017e zm\u00edn\u011bn\u00e9 jedn\u00e1n\u00ed s \u00fa\u0159ady \u010di firmami. Je jasn\u00e9, \u017ee ne ka\u017ed\u00fd v tom takzvan\u011b \u201eum\u00ed chodit\u201c. Proto je ide\u00e1ln\u00ed vybrat takov\u00e9ho \u010dlov\u011bka, kter\u00fd se v \u00fa\u0159edn\u00edm syst\u00e9mu vyzn\u00e1 a v\u00ed, jak\u00e9 povolen\u00ed je kdy pot\u0159eba. D\u00edky tomu je toti\u017e mnohem vy\u0161\u0161\u00ed \u0161ance, \u017ee s \u017e\u00e1dost\u00ed usp\u011bjeme.Ani\u017e si to p\u0159\u00edli\u0161 uv\u011bdomujeme, p\u0159edseda tak\u00e9 ur\u010duje program jedn\u00e1n\u00ed. Vzhledem k tomu, \u017ee sch\u016fzi vede, m\u00e1 tak\u00e9 pom\u011brn\u011b velk\u00e9 mo\u017enosti do n\u00ed zasahovat. Je toti\u017e zcela na n\u011bm, jakou d\u016fle\u017eitost kter\u00e9mu t\u00e9matu p\u0159isoud\u00ed, a v jak\u00e9m po\u0159ad\u00ed budou jednotliv\u00e9 z\u00e1le\u017eitosti projedn\u00e1v\u00e1ny.To je jen n\u011bkolik m\u00e1lo z mnoha d\u016fvod\u016f, pro\u010d bychom tomu m\u011bli volb\u011b p\u0159edsedy p\u0159isuzovat mnohem v\u011bt\u0161\u00ed d\u016fle\u017eitost, ne\u017e tomu tak skute\u010dn\u011b je. Spr\u00e1vn\u00e1 volba toti\u017e m\u016f\u017ee prosp\u011bt v\u0161em lidem v dom\u011b, zat\u00edmco ta \u0161patn\u00e1 m\u016f\u017ee bydlen\u00ed zna\u010dn\u011b znep\u0159\u00edjemnit. A je jasn\u00e9, kter\u00e1 z variant je lep\u0161\u00ed. Proto, pokud v\u00e1s takov\u00e1to volba \u010dek\u00e1, rozhodn\u011b na ni jd\u011bte a dejte sv\u016fj hlas. Pak si nebudete muset nic vy\u010d\u00edtat.                                                                                                                                                                                                                                                                                                                                                                                          4.2\/5 - (11 votes)        "},{"@context":"https:\/\/schema.org\/","@type":"BreadcrumbList","itemListElement":[{"@type":"ListItem","position":1,"name":"Pro\u010d je volba p\u0159edsedy v\u00fdboru SVJ d\u016fle\u017eit\u00e1","item":"https:\/\/www.ledx.cz\/proc-je-volba-predsedy-vyboru-svj-dulezita\/#breadcrumbitem"}]}]